{"id":8717,"date":"2025-05-16T12:29:16","date_gmt":"2025-05-16T10:29:16","guid":{"rendered":"https:\/\/www.chateauduseuil.fr\/events\/opening-of-the-threshold-trails\/"},"modified":"2025-11-25T11:51:36","modified_gmt":"2025-11-25T10:51:36","slug":"opening-of-the-threshold-trails","status":"publish","type":"post","link":"https:\/\/www.chateauduseuil.fr\/en\/news\/opening-of-the-threshold-trails\/","title":{"rendered":"OPENING OF THE THRESHOLD TRAILS"},"content":{"rendered":"\t\t<div data-elementor-type=\"wp-post\" data-elementor-id=\"8717\" class=\"elementor elementor-8717 elementor-7806\" data-elementor-post-type=\"post\">\n\t\t\t\t<div class=\"elementor-element elementor-element-828da2f e-flex e-con-boxed e-con e-parent\" data-id=\"828da2f\" data-element_type=\"container\" data-e-type=\"container\">\n\t\t\t\t\t<div class=\"e-con-inner\">\n\t\t\t\t<div class=\"elementor-element elementor-element-b908ddd elementor-arrows-position-inside elementor-pagination-position-outside elementor-widget elementor-widget-image-carousel\" data-id=\"b908ddd\" data-element_type=\"widget\" data-e-type=\"widget\" data-settings=\"{&quot;navigation&quot;:&quot;both&quot;,&quot;autoplay&quot;:&quot;yes&quot;,&quot;pause_on_hover&quot;:&quot;yes&quot;,&quot;pause_on_interaction&quot;:&quot;yes&quot;,&quot;autoplay_speed&quot;:5000,&quot;infinite&quot;:&quot;yes&quot;,&quot;speed&quot;:500}\" data-widget_type=\"image-carousel.default\">\n\t\t\t\t<div class=\"elementor-widget-container\">\n\t\t\t\t\t\t\t<div class=\"elementor-image-carousel-wrapper swiper\" role=\"region\" aria-roledescription=\"carousel\" aria-label=\"Carrousel d\u2019images\" dir=\"ltr\">\n\t\t\t<div class=\"elementor-image-carousel swiper-wrapper\" aria-live=\"off\">\n\t\t\t\t\t\t\t\t<div class=\"swiper-slide\" role=\"group\" aria-roledescription=\"slide\" aria-label=\"1 of 3\"><figure class=\"swiper-slide-inner\"><img decoding=\"async\" class=\"swiper-slide-image\" src=\"https:\/\/www.chateauduseuil.fr\/wp-content\/uploads\/2025\/05\/photo-sentier-pedestre-150x150.jpg\" alt=\"photo of walking path\" \/><\/figure><\/div><div class=\"swiper-slide\" role=\"group\" aria-roledescription=\"slide\" aria-label=\"2 of 3\"><figure class=\"swiper-slide-inner\"><img decoding=\"async\" class=\"swiper-slide-image\" src=\"https:\/\/www.chateauduseuil.fr\/wp-content\/uploads\/2025\/05\/photo-sentier-pedestre-2-150x150.jpg\" alt=\"photo of hiking trail 2\" \/><\/figure><\/div><div class=\"swiper-slide\" role=\"group\" aria-roledescription=\"slide\" aria-label=\"3 of 3\"><figure class=\"swiper-slide-inner\"><img decoding=\"async\" class=\"swiper-slide-image\" src=\"https:\/\/www.chateauduseuil.fr\/wp-content\/uploads\/2025\/05\/CHATEAU_DU_SEUIL_204-150x150.jpg\" alt=\"CHATEAU_DU_SEUIL_204\" \/><\/figure><\/div>\t\t\t<\/div>\n\t\t\t\t\t\t\t\t\t\t\t\t<div class=\"elementor-swiper-button elementor-swiper-button-prev\" role=\"button\" tabindex=\"0\">\n\t\t\t\t\t\t<i aria-hidden=\"true\" class=\"eicon-chevron-left\"><\/i>\t\t\t\t\t<\/div>\n\t\t\t\t\t<div class=\"elementor-swiper-button elementor-swiper-button-next\" role=\"button\" tabindex=\"0\">\n\t\t\t\t\t\t<i aria-hidden=\"true\" class=\"eicon-chevron-right\"><\/i>\t\t\t\t\t<\/div>\n\t\t\t\t\n\t\t\t\t\t\t\t\t\t<div class=\"swiper-pagination\"><\/div>\n\t\t\t\t\t\t\t\t\t<\/div>\n\t\t\t\t\t\t<\/div>\n\t\t\t\t<\/div>\n\t\t\t\t\t<\/div>\n\t\t\t\t<\/div>\n\t\t<div class=\"elementor-element elementor-element-19d4514 e-flex e-con-boxed e-con e-parent\" data-id=\"19d4514\" data-element_type=\"container\" data-e-type=\"container\">\n\t\t\t\t\t<div class=\"e-con-inner\">\n\t\t\t\t<div class=\"elementor-element elementor-element-04fc4e5 elementor-widget elementor-widget-text-editor\" data-id=\"04fc4e5\" data-element_type=\"widget\" data-e-type=\"widget\" data-widget_type=\"text-editor.default\">\n\t\t\t\t<div class=\"elementor-widget-container\">\n\t\t\t\t\t\t\t\t\t<h1 class=\"MsoNormal\"><strong>OPENING OF THE \u201cLES SENTIERS DU SEUIL\u201d FOOTPATH!<br><\/strong><\/h1><h4 class=\"MsoNormal\"><b><span style=\"font-size: 12.0pt; line-height: 107%;\">New for summer 2025: our hiking trail nestled at the foot of the Tr\u00e9varesse hill, between vineyards and forest!  <\/span><\/b><\/h4><p class=\"MsoNormal\"><span style=\"font-size: 12.0pt; line-height: 107%;\">Walk 1.8 km in an authentic and preserved natural space, between the Domaine&#8217;s vineyard plots and the Tr\u00e9varesse forest, discovering the biodiversity (fauna and flora) and the beauty of the surrounding landscape.  <\/span><\/p><p class=\"MsoNormal\"><span style=\"font-size: 12.0pt; line-height: 107%;\">An explanatory document with a map of the route is available at the Domaine&#8217;s cellar, detailing the 15 stops on the grape varieties, the vines from the youngest to the oldest, the olive groves and the forest environment on the Tr\u00e9varesse hillsides.<\/span><\/p><p class=\"MsoNormal\"><br>After a little effort, stop at the cellar to taste our wines and enjoy our sheltered or sunny terrace!<\/p><p class=\"MsoNormal\"><span style=\"font-size: 12.0pt; line-height: 107%;\"><b>Practical information:<\/b> <\/span><\/p><p class=\"MsoNormal\"><span style=\"font-size: 12.0pt; line-height: 107%;\">1.8 km route, approximately 45 min.<br> Easy course, accessible for children.<br> <strong>Free access,<\/strong> <strong>during store opening hours.<\/strong><br> Trail available from May to the end of August.<\/span><\/p><p class=\"MsoNormal\"><span style=\"font-size: 12.0pt; line-height: 107%;\">For more information, please contact us by email at: contact@chateauduseuil.fr<br><br><\/span><\/p><p class=\"MsoNormal\"><span style=\"font-size: 12.0pt; line-height: 107%;\"><br><\/span><\/p>\t\t\t\t\t\t\t\t<\/div>\n\t\t\t\t<\/div>\n\t\t\t\t\t<\/div>\n\t\t\t\t<\/div>\n\t\t\t\t<\/div>\n\t\t","protected":false},"excerpt":{"rendered":"<p>OPENING OF THE \u201cLES SENTIERS DU SEUIL\u201d FOOTPATH! New for summer 2025: our hiking trail nestled at the foot of the Tr\u00e9varesse hill, between vineyards and forest! Walk 1.8 km in an authentic and preserved natural space, between the Domaine&#8217;s vineyard plots and the Tr\u00e9varesse forest, discovering the biodiversity (fauna and flora) and the beauty [&hellip;]<\/p>\n","protected":false},"author":4,"featured_media":7809,"comment_status":"closed","ping_status":"closed","sticky":false,"template":"","format":"standard","meta":{"_acf_changed":false,"footnotes":""},"categories":[4],"tags":[],"class_list":["post-8717","post","type-post","status-publish","format-standard","has-post-thumbnail","hentry","category-news"],"acf":[],"yoast_head":"<!-- This site is optimized with the Yoast SEO plugin v27.5 - https:\/\/yoast.com\/product\/yoast-seo-wordpress\/ -->\n<title>OPENING OF THE THRESHOLD TRAILS - Ch\u00e2teau du Seuil<\/title>\n<meta name=\"description\" content=\"Voici une nouvelle actualit\u00e9 de Ch\u00e2teau du seuil sur : OPENING OF THE THRESHOLD TRAILS OPENING OF THE \u201cLES SENTIERS DU SEUIL\u201d FOOTPATH!New for summer 2025: our hiking trail nestled at the foot of the Tr\u00e9varesse hill, between vineyards and\" \/>\n<meta name=\"robots\" content=\"index, follow, max-snippet:-1, max-image-preview:large, max-video-preview:-1\" \/>\n<link rel=\"canonical\" href=\"https:\/\/www.chateauduseuil.fr\/en\/news\/opening-of-the-threshold-trails\/\" \/>\n<meta property=\"og:locale\" content=\"en_US\" \/>\n<meta property=\"og:type\" content=\"article\" \/>\n<meta property=\"og:title\" content=\"OPENING OF THE THRESHOLD TRAILS - Ch\u00e2teau du Seuil\" \/>\n<meta property=\"og:description\" content=\"Voici une nouvelle actualit\u00e9 de Ch\u00e2teau du seuil sur : OPENING OF THE THRESHOLD TRAILS OPENING OF THE \u201cLES SENTIERS DU SEUIL\u201d FOOTPATH!New for summer 2025: our hiking trail nestled at the foot of the Tr\u00e9varesse hill, between vineyards and\" \/>\n<meta property=\"og:url\" content=\"https:\/\/www.chateauduseuil.fr\/en\/news\/opening-of-the-threshold-trails\/\" \/>\n<meta property=\"og:site_name\" content=\"Ch\u00e2teau du Seuil\" \/>\n<meta property=\"article:publisher\" content=\"https:\/\/www.facebook.com\/chateauduseuil\" \/>\n<meta property=\"article:published_time\" content=\"2025-05-16T10:29:16+00:00\" \/>\n<meta property=\"article:modified_time\" content=\"2025-11-25T10:51:36+00:00\" \/>\n<meta property=\"og:image\" content=\"https:\/\/www.chateauduseuil.fr\/wp-content\/uploads\/2025\/05\/photo-sentier-pedestre-scaled.jpg\" \/>\n\t<meta property=\"og:image:width\" content=\"2560\" \/>\n\t<meta property=\"og:image:height\" content=\"1707\" \/>\n\t<meta property=\"og:image:type\" content=\"image\/jpeg\" \/>\n<meta name=\"author\" content=\"chateau du seuil 2\" \/>\n<meta name=\"twitter:card\" content=\"summary_large_image\" \/>\n<meta name=\"twitter:label1\" content=\"Written by\" \/>\n\t<meta name=\"twitter:data1\" content=\"chateau du seuil 2\" \/>\n\t<meta name=\"twitter:label2\" content=\"Est. reading time\" \/>\n\t<meta name=\"twitter:data2\" content=\"1 minute\" \/>\n<!-- \/ Yoast SEO plugin. -->","yoast_head_json":{"title":"OPENING OF THE THRESHOLD TRAILS - Ch\u00e2teau du Seuil","description":"Voici une nouvelle actualit\u00e9 de Ch\u00e2teau du seuil sur : OPENING OF THE THRESHOLD TRAILS OPENING OF THE \u201cLES SENTIERS DU SEUIL\u201d FOOTPATH!New for summer 2025: our hiking trail nestled at the foot of the Tr\u00e9varesse hill, between vineyards and","robots":{"index":"index","follow":"follow","max-snippet":"max-snippet:-1","max-image-preview":"max-image-preview:large","max-video-preview":"max-video-preview:-1"},"canonical":"https:\/\/www.chateauduseuil.fr\/en\/news\/opening-of-the-threshold-trails\/","og_locale":"en_US","og_type":"article","og_title":"OPENING OF THE THRESHOLD TRAILS - Ch\u00e2teau du Seuil","og_description":"Voici une nouvelle actualit\u00e9 de Ch\u00e2teau du seuil sur : OPENING OF THE THRESHOLD TRAILS OPENING OF THE \u201cLES SENTIERS DU SEUIL\u201d FOOTPATH!New for summer 2025: our hiking trail nestled at the foot of the Tr\u00e9varesse hill, between vineyards and","og_url":"https:\/\/www.chateauduseuil.fr\/en\/news\/opening-of-the-threshold-trails\/","og_site_name":"Ch\u00e2teau du Seuil","article_publisher":"https:\/\/www.facebook.com\/chateauduseuil","article_published_time":"2025-05-16T10:29:16+00:00","article_modified_time":"2025-11-25T10:51:36+00:00","og_image":[{"width":2560,"height":1707,"url":"https:\/\/www.chateauduseuil.fr\/wp-content\/uploads\/2025\/05\/photo-sentier-pedestre-scaled.jpg","type":"image\/jpeg"}],"author":"chateau du seuil 2","twitter_card":"summary_large_image","twitter_misc":{"Written by":"chateau du seuil 2","Est. reading time":"1 minute"},"schema":{"@context":"https:\/\/schema.org","@graph":[{"@type":["Article","BlogPosting"],"@id":"https:\/\/www.chateauduseuil.fr\/en\/news\/opening-of-the-threshold-trails\/#article","isPartOf":{"@id":"https:\/\/www.chateauduseuil.fr\/en\/news\/opening-of-the-threshold-trails\/"},"author":{"name":"chateau du seuil 2","@id":"https:\/\/www.chateauduseuil.fr\/#\/schema\/person\/7b0c058607d21dab6694f63a564a2761"},"headline":"OPENING OF THE THRESHOLD TRAILS","datePublished":"2025-05-16T10:29:16+00:00","dateModified":"2025-11-25T10:51:36+00:00","mainEntityOfPage":{"@id":"https:\/\/www.chateauduseuil.fr\/en\/news\/opening-of-the-threshold-trails\/"},"wordCount":165,"publisher":{"@id":"https:\/\/www.chateauduseuil.fr\/#organization"},"image":{"@id":"https:\/\/www.chateauduseuil.fr\/en\/news\/opening-of-the-threshold-trails\/#primaryimage"},"thumbnailUrl":"https:\/\/www.chateauduseuil.fr\/wp-content\/uploads\/2025\/05\/photo-sentier-pedestre-scaled.jpg","articleSection":["News"],"inLanguage":"en-US"},{"@type":"WebPage","@id":"https:\/\/www.chateauduseuil.fr\/en\/news\/opening-of-the-threshold-trails\/","url":"https:\/\/www.chateauduseuil.fr\/en\/news\/opening-of-the-threshold-trails\/","name":"OPENING OF THE THRESHOLD TRAILS - Ch\u00e2teau du Seuil","isPartOf":{"@id":"https:\/\/www.chateauduseuil.fr\/#website"},"primaryImageOfPage":{"@id":"https:\/\/www.chateauduseuil.fr\/en\/news\/opening-of-the-threshold-trails\/#primaryimage"},"image":{"@id":"https:\/\/www.chateauduseuil.fr\/en\/news\/opening-of-the-threshold-trails\/#primaryimage"},"thumbnailUrl":"https:\/\/www.chateauduseuil.fr\/wp-content\/uploads\/2025\/05\/photo-sentier-pedestre-scaled.jpg","datePublished":"2025-05-16T10:29:16+00:00","dateModified":"2025-11-25T10:51:36+00:00","description":"Voici une nouvelle actualit\u00e9 de Ch\u00e2teau du seuil sur : OPENING OF THE THRESHOLD TRAILS OPENING OF THE \u201cLES SENTIERS DU SEUIL\u201d FOOTPATH!New for summer 2025: our hiking trail nestled at the foot of the Tr\u00e9varesse hill, between vineyards and","breadcrumb":{"@id":"https:\/\/www.chateauduseuil.fr\/en\/news\/opening-of-the-threshold-trails\/#breadcrumb"},"inLanguage":"en-US","potentialAction":[{"@type":"ReadAction","target":["https:\/\/www.chateauduseuil.fr\/en\/news\/opening-of-the-threshold-trails\/"]}]},{"@type":"ImageObject","inLanguage":"en-US","@id":"https:\/\/www.chateauduseuil.fr\/en\/news\/opening-of-the-threshold-trails\/#primaryimage","url":"https:\/\/www.chateauduseuil.fr\/wp-content\/uploads\/2025\/05\/photo-sentier-pedestre-scaled.jpg","contentUrl":"https:\/\/www.chateauduseuil.fr\/wp-content\/uploads\/2025\/05\/photo-sentier-pedestre-scaled.jpg","width":2560,"height":1707},{"@type":"BreadcrumbList","@id":"https:\/\/www.chateauduseuil.fr\/en\/news\/opening-of-the-threshold-trails\/#breadcrumb","itemListElement":[{"@type":"ListItem","position":1,"name":"Accueil","item":"https:\/\/www.chateauduseuil.fr\/"},{"@type":"ListItem","position":2,"name":"OPENING OF THE THRESHOLD TRAILS"}]},{"@type":"WebSite","@id":"https:\/\/www.chateauduseuil.fr\/#website","url":"https:\/\/www.chateauduseuil.fr\/","name":"https:\/\/www.chateauduseuil.fr\/","description":"","publisher":{"@id":"https:\/\/www.chateauduseuil.fr\/#organization"},"potentialAction":[{"@type":"SearchAction","target":{"@type":"EntryPoint","urlTemplate":"https:\/\/www.chateauduseuil.fr\/?s={search_term_string}"},"query-input":{"@type":"PropertyValueSpecification","valueRequired":true,"valueName":"search_term_string"}}],"inLanguage":"en-US"},{"@type":"Organization","@id":"https:\/\/www.chateauduseuil.fr\/#organization","name":"https:\/\/www.chateauduseuil.fr\/","url":"https:\/\/www.chateauduseuil.fr\/","logo":{"@type":"ImageObject","inLanguage":"en-US","@id":"https:\/\/www.chateauduseuil.fr\/#\/schema\/logo\/image\/","url":"https:\/\/www.chateauduseuil.fr\/wp-content\/uploads\/2023\/03\/LOGO-1.png","contentUrl":"https:\/\/www.chateauduseuil.fr\/wp-content\/uploads\/2023\/03\/LOGO-1.png","width":466,"height":732,"caption":"https:\/\/www.chateauduseuil.fr\/"},"image":{"@id":"https:\/\/www.chateauduseuil.fr\/#\/schema\/logo\/image\/"},"sameAs":["https:\/\/www.facebook.com\/chateauduseuil"]},{"@type":"Person","@id":"https:\/\/www.chateauduseuil.fr\/#\/schema\/person\/7b0c058607d21dab6694f63a564a2761","name":"chateau du seuil 2","image":{"@type":"ImageObject","inLanguage":"en-US","@id":"https:\/\/secure.gravatar.com\/avatar\/9a6ee7e4983a448e3b88eed55234a038949910d0834299f7c44b126d8a76b7f7?s=96&d=mm&r=g","url":"https:\/\/secure.gravatar.com\/avatar\/9a6ee7e4983a448e3b88eed55234a038949910d0834299f7c44b126d8a76b7f7?s=96&d=mm&r=g","contentUrl":"https:\/\/secure.gravatar.com\/avatar\/9a6ee7e4983a448e3b88eed55234a038949910d0834299f7c44b126d8a76b7f7?s=96&d=mm&r=g","caption":"chateau du seuil 2"},"sameAs":["https:\/\/www.instagram.com\/chateauduseuilenprovence\/"],"url":"https:\/\/www.chateauduseuil.fr\/en\/author\/chateau-du-seuil-2\/"}]}},"_links":{"self":[{"href":"https:\/\/www.chateauduseuil.fr\/en\/wp-json\/wp\/v2\/posts\/8717","targetHints":{"allow":["GET"]}}],"collection":[{"href":"https:\/\/www.chateauduseuil.fr\/en\/wp-json\/wp\/v2\/posts"}],"about":[{"href":"https:\/\/www.chateauduseuil.fr\/en\/wp-json\/wp\/v2\/types\/post"}],"author":[{"embeddable":true,"href":"https:\/\/www.chateauduseuil.fr\/en\/wp-json\/wp\/v2\/users\/4"}],"replies":[{"embeddable":true,"href":"https:\/\/www.chateauduseuil.fr\/en\/wp-json\/wp\/v2\/comments?post=8717"}],"version-history":[{"count":1,"href":"https:\/\/www.chateauduseuil.fr\/en\/wp-json\/wp\/v2\/posts\/8717\/revisions"}],"predecessor-version":[{"id":8718,"href":"https:\/\/www.chateauduseuil.fr\/en\/wp-json\/wp\/v2\/posts\/8717\/revisions\/8718"}],"wp:featuredmedia":[{"embeddable":true,"href":"https:\/\/www.chateauduseuil.fr\/en\/wp-json\/wp\/v2\/media\/7809"}],"wp:attachment":[{"href":"https:\/\/www.chateauduseuil.fr\/en\/wp-json\/wp\/v2\/media?parent=8717"}],"wp:term":[{"taxonomy":"category","embeddable":true,"href":"https:\/\/www.chateauduseuil.fr\/en\/wp-json\/wp\/v2\/categories?post=8717"},{"taxonomy":"post_tag","embeddable":true,"href":"https:\/\/www.chateauduseuil.fr\/en\/wp-json\/wp\/v2\/tags?post=8717"}],"curies":[{"name":"wp","href":"https:\/\/api.w.org\/{rel}","templated":true}]}}