{"id":8437,"date":"2025-04-08T17:14:14","date_gmt":"2025-04-08T15:14:14","guid":{"rendered":"https:\/\/www.chateauduseuil.fr\/events\/wine-chocolate-tasting\/"},"modified":"2025-10-15T12:13:11","modified_gmt":"2025-10-15T10:13:11","slug":"wine-chocolate-tasting","status":"publish","type":"post","link":"https:\/\/www.chateauduseuil.fr\/en\/events\/wine-chocolate-tasting\/","title":{"rendered":"WINE &amp; CHOCOLATE TASTING"},"content":{"rendered":"\t\t<div data-elementor-type=\"wp-post\" data-elementor-id=\"8437\" class=\"elementor elementor-8437 elementor-7406\" data-elementor-post-type=\"post\">\n\t\t\t\t<div class=\"elementor-element elementor-element-0a2ca16 e-flex e-con-boxed e-con e-parent\" data-id=\"0a2ca16\" data-element_type=\"container\" data-e-type=\"container\">\n\t\t\t\t\t<div class=\"e-con-inner\">\n\t\t\t\t<div class=\"elementor-element elementor-element-6a8d73c elementor-widget elementor-widget-text-editor\" data-id=\"6a8d73c\" data-element_type=\"widget\" data-e-type=\"widget\" data-widget_type=\"text-editor.default\">\n\t\t\t\t<div class=\"elementor-widget-container\">\n\t\t\t\t\t\t\t\t\t<div style=\"margin: 0px; padding: 0px; border: 0px; font-variant-numeric: inherit; font-variant-east-asian: inherit; font-variant-alternates: inherit; font-variant-position: inherit; font-variant-emoji: inherit; font-stretch: inherit; line-height: inherit; font-family: Inter, sans-serif; font-optical-sizing: inherit; font-size-adjust: inherit; font-kerning: inherit; font-feature-settings: inherit; font-variation-settings: inherit; vertical-align: baseline; color: rgba(29, 29, 27, 0.6); background-color: #ffffff;\"><strong>Le Ch\u00e2teau du Seuil propose aux amateurs de chocolat de vivre une exp\u00e9rience sensorielle sal\u00e9e puis chocolat\u00e9e en partenariat avec le Maitre Artisan Chocolatier Anne-Lise Signouret<\/strong>.<\/div>\n<div style=\"margin: 0px; padding: 0px; border: 0px; font-variant-numeric: inherit; font-variant-east-asian: inherit; font-variant-alternates: inherit; font-variant-position: inherit; font-variant-emoji: inherit; font-stretch: inherit; line-height: inherit; font-family: Inter, sans-serif; font-optical-sizing: inherit; font-size-adjust: inherit; font-kerning: inherit; font-feature-settings: inherit; font-variation-settings: inherit; vertical-align: baseline; color: rgba(29, 29, 27, 0.6); background-color: #ffffff;\">\u00a0<\/div>\n<div style=\"margin: 0px; padding: 0px; border: 0px; font-variant-numeric: inherit; font-variant-east-asian: inherit; font-variant-alternates: inherit; font-variant-position: inherit; font-variant-emoji: inherit; font-stretch: inherit; line-height: inherit; font-family: Inter, sans-serif; font-optical-sizing: inherit; font-size-adjust: inherit; font-kerning: inherit; font-feature-settings: inherit; font-variation-settings: inherit; vertical-align: baseline; color: rgba(29, 29, 27, 0.6); background-color: #ffffff;\">L&#8217;atelier d\u00e9butera par une d\u00e9gustation de nos produits d&#8217;\u00e9picerie artisanaux et locaux sal\u00e9s puis se poursuivra avec une s\u00e9lection de chocolats aux saveurs &amp; textures vari\u00e9es en accord avec nos cuv\u00e9es Ch\u00e2teau du Seuil et Grand Seuil ros\u00e9s, blancs et rouges, puis se terminera en beaut\u00e9 avec un vieux mill\u00e9sime surprise !<\/div>\n<div style=\"margin: 0px; padding: 0px; border: 0px; font-variant-numeric: inherit; font-variant-east-asian: inherit; font-variant-alternates: inherit; font-variant-position: inherit; font-variant-emoji: inherit; font-stretch: inherit; line-height: inherit; font-family: Inter, sans-serif; font-optical-sizing: inherit; font-size-adjust: inherit; font-kerning: inherit; font-feature-settings: inherit; font-variation-settings: inherit; vertical-align: baseline; color: rgba(29, 29, 27, 0.6); background-color: #ffffff;\">\u00a0<\/div>\n<div style=\"margin: 0px; padding: 0px; border: 0px; font-variant-numeric: inherit; font-variant-east-asian: inherit; font-variant-alternates: inherit; font-variant-position: inherit; font-variant-emoji: inherit; font-stretch: inherit; line-height: inherit; font-family: Inter, sans-serif; font-optical-sizing: inherit; font-size-adjust: inherit; font-kerning: inherit; font-feature-settings: inherit; font-variation-settings: inherit; vertical-align: baseline; color: rgba(29, 29, 27, 0.6); background-color: #ffffff;\"><a href=\"https:\/\/www.billetweb.fr\/atelier-chocolats-vins\">RESERVER MA PLACE<\/a><\/div>\n<div style=\"margin: 0px; padding: 0px; border: 0px; font-variant-numeric: inherit; font-variant-east-asian: inherit; font-variant-alternates: inherit; font-variant-position: inherit; font-variant-emoji: inherit; font-stretch: inherit; line-height: inherit; font-family: Inter, sans-serif; font-optical-sizing: inherit; font-size-adjust: inherit; font-kerning: inherit; font-feature-settings: inherit; font-variation-settings: inherit; vertical-align: baseline; color: rgba(29, 29, 27, 0.6); background-color: #ffffff;\">\u00a0<\/div>\n<div><span style=\"background-color: #ffffff; color: rgba(29, 29, 27, 0.6); font-family: Inter, sans-serif;\">Atelier de d\u00e9gustation d&#8217;environ 2\u00a0heures.<\/span><\/div>\n<div style=\"margin: 0px; padding: 0px; border: 0px; font-variant-numeric: inherit; font-variant-east-asian: inherit; font-variant-alternates: inherit; font-variant-position: inherit; font-variant-emoji: inherit; font-stretch: inherit; line-height: inherit; font-family: Inter, sans-serif; font-optical-sizing: inherit; font-size-adjust: inherit; font-kerning: inherit; font-feature-settings: inherit; font-variation-settings: inherit; vertical-align: baseline; color: rgba(29, 29, 27, 0.6); background-color: #ffffff;\">Tarif : 20\u20ac \/ personne\u00a0<\/div>\n<div style=\"margin: 0px; padding: 0px; border: 0px; font-variant-numeric: inherit; font-variant-east-asian: inherit; font-variant-alternates: inherit; font-variant-position: inherit; font-variant-emoji: inherit; font-stretch: inherit; line-height: inherit; font-family: Inter, sans-serif; font-optical-sizing: inherit; font-size-adjust: inherit; font-kerning: inherit; font-feature-settings: inherit; font-variation-settings: inherit; vertical-align: baseline; color: rgba(29, 29, 27, 0.6); background-color: #ffffff;\">RDV \u00e0 la boutique du Domaine \u00e0 19h00.<\/div>\n<div style=\"margin: 0px; padding: 0px; border: 0px; font-variant-numeric: inherit; font-variant-east-asian: inherit; font-variant-alternates: inherit; font-variant-position: inherit; font-variant-emoji: inherit; font-stretch: inherit; line-height: inherit; font-family: Inter, sans-serif; font-optical-sizing: inherit; font-size-adjust: inherit; font-kerning: inherit; font-feature-settings: inherit; font-variation-settings: inherit; vertical-align: baseline; color: rgba(29, 29, 27, 0.6); background-color: #ffffff;\">Possibilit\u00e9 d&#8217;acheter des vins \u00e0 la boutique \u00e0 l&#8217;issue de l&#8217;atelier.<\/div>\n<div style=\"margin: 0px; padding: 0px; border: 0px; font-variant-numeric: inherit; font-variant-east-asian: inherit; font-variant-alternates: inherit; font-variant-position: inherit; font-variant-emoji: inherit; font-stretch: inherit; line-height: inherit; font-family: Inter, sans-serif; font-optical-sizing: inherit; font-size-adjust: inherit; font-kerning: inherit; font-feature-settings: inherit; font-variation-settings: inherit; vertical-align: baseline; color: rgba(29, 29, 27, 0.6); background-color: #ffffff;\">\u00a0<\/div>\n<div style=\"margin: 0px; padding: 0px; border: 0px; font-variant-numeric: inherit; font-variant-east-asian: inherit; font-variant-alternates: inherit; font-variant-position: inherit; font-variant-emoji: inherit; font-stretch: inherit; line-height: inherit; font-family: Inter, sans-serif; font-optical-sizing: inherit; font-size-adjust: inherit; font-kerning: inherit; font-feature-settings: inherit; font-variation-settings: inherit; vertical-align: baseline; color: rgba(29, 29, 27, 0.6); background-color: #ffffff;\"><em>Ev\u00e9nement organis\u00e9 en partenariat avec l&#8217;Artisan Chocolatier Anne-Lise Signouret.<\/em><\/div>\t\t\t\t\t\t\t\t<\/div>\n\t\t\t\t<\/div>\n\t\t\t\t\t<\/div>\n\t\t\t\t<\/div>\n\t\t<div class=\"elementor-element elementor-element-6ec50e6 e-flex e-con-boxed e-con e-parent\" data-id=\"6ec50e6\" data-element_type=\"container\" data-e-type=\"container\">\n\t\t\t\t\t<div class=\"e-con-inner\">\n\t\t\t\t<div class=\"elementor-element elementor-element-1c64230 elementor-widget elementor-widget-image\" data-id=\"1c64230\" data-element_type=\"widget\" data-e-type=\"widget\" data-widget_type=\"image.default\">\n\t\t\t\t<div class=\"elementor-widget-container\">\n\t\t\t\t\t\t\t\t\t\t\t\t\t\t\t<img fetchpriority=\"high\" decoding=\"async\" width=\"800\" height=\"450\" src=\"https:\/\/www.chateauduseuil.fr\/wp-content\/uploads\/2025\/04\/Atelier-chocolat-et-vins-Banniere-de-blog-1024x576.jpg\" class=\"attachment-large size-large wp-image-7429\" alt=\"\" srcset=\"https:\/\/www.chateauduseuil.fr\/wp-content\/uploads\/2025\/04\/Atelier-chocolat-et-vins-Banniere-de-blog-1024x576.jpg 1024w, https:\/\/www.chateauduseuil.fr\/wp-content\/uploads\/2025\/04\/Atelier-chocolat-et-vins-Banniere-de-blog-300x169.jpg 300w, https:\/\/www.chateauduseuil.fr\/wp-content\/uploads\/2025\/04\/Atelier-chocolat-et-vins-Banniere-de-blog-768x432.jpg 768w, https:\/\/www.chateauduseuil.fr\/wp-content\/uploads\/2025\/04\/Atelier-chocolat-et-vins-Banniere-de-blog-1536x864.jpg 1536w, https:\/\/www.chateauduseuil.fr\/wp-content\/uploads\/2025\/04\/Atelier-chocolat-et-vins-Banniere-de-blog-2048x1152.jpg 2048w\" sizes=\"(max-width: 800px) 100vw, 800px\" \/>\t\t\t\t\t\t\t\t\t\t\t\t\t\t\t<\/div>\n\t\t\t\t<\/div>\n\t\t\t\t\t<\/div>\n\t\t\t\t<\/div>\n\t\t\t\t<\/div>\n\t\t","protected":false},"excerpt":{"rendered":"<p>Le Ch\u00e2teau du Seuil propose aux amateurs de chocolat de vivre une exp\u00e9rience sensorielle sal\u00e9e puis chocolat\u00e9e en partenariat avec le Maitre Artisan Chocolatier Anne-Lise Signouret. \u00a0 L&#8217;atelier d\u00e9butera par une d\u00e9gustation de nos produits d&#8217;\u00e9picerie artisanaux et locaux sal\u00e9s puis se poursuivra avec une s\u00e9lection de chocolats aux saveurs &amp; textures vari\u00e9es en accord [&hellip;]<\/p>\n","protected":false},"author":4,"featured_media":7429,"comment_status":"closed","ping_status":"closed","sticky":false,"template":"","format":"standard","meta":{"_acf_changed":false,"footnotes":""},"categories":[1,4],"tags":[],"class_list":["post-8437","post","type-post","status-publish","format-standard","has-post-thumbnail","hentry","category-events","category-news"],"acf":[],"yoast_head":"<!-- This site is optimized with the Yoast SEO plugin v27.5 - https:\/\/yoast.com\/product\/yoast-seo-wordpress\/ -->\n<title>WINE &amp; CHOCOLATE TASTING - Ch\u00e2teau du Seuil<\/title>\n<meta name=\"description\" content=\"Voici une nouvelle actualit\u00e9 de Ch\u00e2teau du seuil sur : WINE &amp; CHOCOLATE TASTING Le Ch\u00e2teau du Seuil propose aux amateurs de chocolat de vivre une exp\u00e9rience sensorielle sal\u00e9e puis chocolat\u00e9e en partenariat avec le Maitre Artisan\" \/>\n<meta name=\"robots\" content=\"index, follow, max-snippet:-1, max-image-preview:large, max-video-preview:-1\" \/>\n<link rel=\"canonical\" href=\"https:\/\/www.chateauduseuil.fr\/en\/events\/wine-chocolate-tasting\/\" \/>\n<meta property=\"og:locale\" content=\"en_US\" \/>\n<meta property=\"og:type\" content=\"article\" \/>\n<meta property=\"og:title\" content=\"WINE &amp; CHOCOLATE TASTING - Ch\u00e2teau du Seuil\" \/>\n<meta property=\"og:description\" content=\"Voici une nouvelle actualit\u00e9 de Ch\u00e2teau du seuil sur : WINE &amp; CHOCOLATE TASTING Le Ch\u00e2teau du Seuil propose aux amateurs de chocolat de vivre une exp\u00e9rience sensorielle sal\u00e9e puis chocolat\u00e9e en partenariat avec le Maitre Artisan\" \/>\n<meta property=\"og:url\" content=\"https:\/\/www.chateauduseuil.fr\/en\/events\/wine-chocolate-tasting\/\" \/>\n<meta property=\"og:site_name\" content=\"Ch\u00e2teau du Seuil\" \/>\n<meta property=\"article:publisher\" content=\"https:\/\/www.facebook.com\/chateauduseuil\" \/>\n<meta property=\"article:published_time\" content=\"2025-04-08T15:14:14+00:00\" \/>\n<meta property=\"article:modified_time\" content=\"2025-10-15T10:13:11+00:00\" \/>\n<meta property=\"og:image\" content=\"https:\/\/www.chateauduseuil.fr\/wp-content\/uploads\/2025\/04\/Atelier-chocolat-et-vins-Banniere-de-blog.jpg\" \/>\n\t<meta property=\"og:image:width\" content=\"2240\" \/>\n\t<meta property=\"og:image:height\" content=\"1260\" \/>\n\t<meta property=\"og:image:type\" content=\"image\/jpeg\" \/>\n<meta name=\"author\" content=\"chateau du seuil 2\" \/>\n<meta name=\"twitter:card\" content=\"summary_large_image\" \/>\n<meta name=\"twitter:label1\" content=\"Written by\" \/>\n\t<meta name=\"twitter:data1\" content=\"chateau du seuil 2\" \/>\n\t<meta name=\"twitter:label2\" content=\"Est. reading time\" \/>\n\t<meta name=\"twitter:data2\" content=\"1 minute\" \/>\n<!-- \/ Yoast SEO plugin. -->","yoast_head_json":{"title":"WINE &amp; CHOCOLATE TASTING - Ch\u00e2teau du Seuil","description":"Voici une nouvelle actualit\u00e9 de Ch\u00e2teau du seuil sur : WINE &amp; CHOCOLATE TASTING Le Ch\u00e2teau du Seuil propose aux amateurs de chocolat de vivre une exp\u00e9rience sensorielle sal\u00e9e puis chocolat\u00e9e en partenariat avec le Maitre Artisan","robots":{"index":"index","follow":"follow","max-snippet":"max-snippet:-1","max-image-preview":"max-image-preview:large","max-video-preview":"max-video-preview:-1"},"canonical":"https:\/\/www.chateauduseuil.fr\/en\/events\/wine-chocolate-tasting\/","og_locale":"en_US","og_type":"article","og_title":"WINE &amp; CHOCOLATE TASTING - Ch\u00e2teau du Seuil","og_description":"Voici une nouvelle actualit\u00e9 de Ch\u00e2teau du seuil sur : WINE &amp; CHOCOLATE TASTING Le Ch\u00e2teau du Seuil propose aux amateurs de chocolat de vivre une exp\u00e9rience sensorielle sal\u00e9e puis chocolat\u00e9e en partenariat avec le Maitre Artisan","og_url":"https:\/\/www.chateauduseuil.fr\/en\/events\/wine-chocolate-tasting\/","og_site_name":"Ch\u00e2teau du Seuil","article_publisher":"https:\/\/www.facebook.com\/chateauduseuil","article_published_time":"2025-04-08T15:14:14+00:00","article_modified_time":"2025-10-15T10:13:11+00:00","og_image":[{"width":2240,"height":1260,"url":"https:\/\/www.chateauduseuil.fr\/wp-content\/uploads\/2025\/04\/Atelier-chocolat-et-vins-Banniere-de-blog.jpg","type":"image\/jpeg"}],"author":"chateau du seuil 2","twitter_card":"summary_large_image","twitter_misc":{"Written by":"chateau du seuil 2","Est. reading time":"1 minute"},"schema":{"@context":"https:\/\/schema.org","@graph":[{"@type":["Article","BlogPosting"],"@id":"https:\/\/www.chateauduseuil.fr\/en\/events\/wine-chocolate-tasting\/#article","isPartOf":{"@id":"https:\/\/www.chateauduseuil.fr\/en\/events\/wine-chocolate-tasting\/"},"author":{"name":"chateau du seuil 2","@id":"https:\/\/www.chateauduseuil.fr\/#\/schema\/person\/7b0c058607d21dab6694f63a564a2761"},"headline":"WINE &amp; CHOCOLATE TASTING","datePublished":"2025-04-08T15:14:14+00:00","dateModified":"2025-10-15T10:13:11+00:00","mainEntityOfPage":{"@id":"https:\/\/www.chateauduseuil.fr\/en\/events\/wine-chocolate-tasting\/"},"wordCount":137,"publisher":{"@id":"https:\/\/www.chateauduseuil.fr\/#organization"},"image":{"@id":"https:\/\/www.chateauduseuil.fr\/en\/events\/wine-chocolate-tasting\/#primaryimage"},"thumbnailUrl":"https:\/\/www.chateauduseuil.fr\/wp-content\/uploads\/2025\/04\/Atelier-chocolat-et-vins-Banniere-de-blog.jpg","articleSection":["Events","News"],"inLanguage":"en-US"},{"@type":"WebPage","@id":"https:\/\/www.chateauduseuil.fr\/en\/events\/wine-chocolate-tasting\/","url":"https:\/\/www.chateauduseuil.fr\/en\/events\/wine-chocolate-tasting\/","name":"WINE &amp; CHOCOLATE TASTING - Ch\u00e2teau du Seuil","isPartOf":{"@id":"https:\/\/www.chateauduseuil.fr\/#website"},"primaryImageOfPage":{"@id":"https:\/\/www.chateauduseuil.fr\/en\/events\/wine-chocolate-tasting\/#primaryimage"},"image":{"@id":"https:\/\/www.chateauduseuil.fr\/en\/events\/wine-chocolate-tasting\/#primaryimage"},"thumbnailUrl":"https:\/\/www.chateauduseuil.fr\/wp-content\/uploads\/2025\/04\/Atelier-chocolat-et-vins-Banniere-de-blog.jpg","datePublished":"2025-04-08T15:14:14+00:00","dateModified":"2025-10-15T10:13:11+00:00","description":"Voici une nouvelle actualit\u00e9 de Ch\u00e2teau du seuil sur : WINE &amp; CHOCOLATE TASTING Le Ch\u00e2teau du Seuil propose aux amateurs de chocolat de vivre une exp\u00e9rience sensorielle sal\u00e9e puis chocolat\u00e9e en partenariat avec le Maitre Artisan","breadcrumb":{"@id":"https:\/\/www.chateauduseuil.fr\/en\/events\/wine-chocolate-tasting\/#breadcrumb"},"inLanguage":"en-US","potentialAction":[{"@type":"ReadAction","target":["https:\/\/www.chateauduseuil.fr\/en\/events\/wine-chocolate-tasting\/"]}]},{"@type":"ImageObject","inLanguage":"en-US","@id":"https:\/\/www.chateauduseuil.fr\/en\/events\/wine-chocolate-tasting\/#primaryimage","url":"https:\/\/www.chateauduseuil.fr\/wp-content\/uploads\/2025\/04\/Atelier-chocolat-et-vins-Banniere-de-blog.jpg","contentUrl":"https:\/\/www.chateauduseuil.fr\/wp-content\/uploads\/2025\/04\/Atelier-chocolat-et-vins-Banniere-de-blog.jpg","width":2240,"height":1260},{"@type":"BreadcrumbList","@id":"https:\/\/www.chateauduseuil.fr\/en\/events\/wine-chocolate-tasting\/#breadcrumb","itemListElement":[{"@type":"ListItem","position":1,"name":"Accueil","item":"https:\/\/www.chateauduseuil.fr\/"},{"@type":"ListItem","position":2,"name":"WINE &amp; CHOCOLATE TASTING"}]},{"@type":"WebSite","@id":"https:\/\/www.chateauduseuil.fr\/#website","url":"https:\/\/www.chateauduseuil.fr\/","name":"https:\/\/www.chateauduseuil.fr\/","description":"","publisher":{"@id":"https:\/\/www.chateauduseuil.fr\/#organization"},"potentialAction":[{"@type":"SearchAction","target":{"@type":"EntryPoint","urlTemplate":"https:\/\/www.chateauduseuil.fr\/?s={search_term_string}"},"query-input":{"@type":"PropertyValueSpecification","valueRequired":true,"valueName":"search_term_string"}}],"inLanguage":"en-US"},{"@type":"Organization","@id":"https:\/\/www.chateauduseuil.fr\/#organization","name":"https:\/\/www.chateauduseuil.fr\/","url":"https:\/\/www.chateauduseuil.fr\/","logo":{"@type":"ImageObject","inLanguage":"en-US","@id":"https:\/\/www.chateauduseuil.fr\/#\/schema\/logo\/image\/","url":"https:\/\/www.chateauduseuil.fr\/wp-content\/uploads\/2023\/03\/LOGO-1.png","contentUrl":"https:\/\/www.chateauduseuil.fr\/wp-content\/uploads\/2023\/03\/LOGO-1.png","width":466,"height":732,"caption":"https:\/\/www.chateauduseuil.fr\/"},"image":{"@id":"https:\/\/www.chateauduseuil.fr\/#\/schema\/logo\/image\/"},"sameAs":["https:\/\/www.facebook.com\/chateauduseuil"]},{"@type":"Person","@id":"https:\/\/www.chateauduseuil.fr\/#\/schema\/person\/7b0c058607d21dab6694f63a564a2761","name":"chateau du seuil 2","image":{"@type":"ImageObject","inLanguage":"en-US","@id":"https:\/\/secure.gravatar.com\/avatar\/9a6ee7e4983a448e3b88eed55234a038949910d0834299f7c44b126d8a76b7f7?s=96&d=mm&r=g","url":"https:\/\/secure.gravatar.com\/avatar\/9a6ee7e4983a448e3b88eed55234a038949910d0834299f7c44b126d8a76b7f7?s=96&d=mm&r=g","contentUrl":"https:\/\/secure.gravatar.com\/avatar\/9a6ee7e4983a448e3b88eed55234a038949910d0834299f7c44b126d8a76b7f7?s=96&d=mm&r=g","caption":"chateau du seuil 2"},"sameAs":["https:\/\/www.instagram.com\/chateauduseuilenprovence\/"],"url":"https:\/\/www.chateauduseuil.fr\/en\/author\/chateau-du-seuil-2\/"}]}},"_links":{"self":[{"href":"https:\/\/www.chateauduseuil.fr\/en\/wp-json\/wp\/v2\/posts\/8437","targetHints":{"allow":["GET"]}}],"collection":[{"href":"https:\/\/www.chateauduseuil.fr\/en\/wp-json\/wp\/v2\/posts"}],"about":[{"href":"https:\/\/www.chateauduseuil.fr\/en\/wp-json\/wp\/v2\/types\/post"}],"author":[{"embeddable":true,"href":"https:\/\/www.chateauduseuil.fr\/en\/wp-json\/wp\/v2\/users\/4"}],"replies":[{"embeddable":true,"href":"https:\/\/www.chateauduseuil.fr\/en\/wp-json\/wp\/v2\/comments?post=8437"}],"version-history":[{"count":1,"href":"https:\/\/www.chateauduseuil.fr\/en\/wp-json\/wp\/v2\/posts\/8437\/revisions"}],"predecessor-version":[{"id":8438,"href":"https:\/\/www.chateauduseuil.fr\/en\/wp-json\/wp\/v2\/posts\/8437\/revisions\/8438"}],"wp:featuredmedia":[{"embeddable":true,"href":"https:\/\/www.chateauduseuil.fr\/en\/wp-json\/wp\/v2\/media\/7429"}],"wp:attachment":[{"href":"https:\/\/www.chateauduseuil.fr\/en\/wp-json\/wp\/v2\/media?parent=8437"}],"wp:term":[{"taxonomy":"category","embeddable":true,"href":"https:\/\/www.chateauduseuil.fr\/en\/wp-json\/wp\/v2\/categories?post=8437"},{"taxonomy":"post_tag","embeddable":true,"href":"https:\/\/www.chateauduseuil.fr\/en\/wp-json\/wp\/v2\/tags?post=8437"}],"curies":[{"name":"wp","href":"https:\/\/api.w.org\/{rel}","templated":true}]}}